{"id":7787,"date":"2019-11-11T15:49:44","date_gmt":"2019-11-11T15:49:44","guid":{"rendered":"https:\/\/www.lifeprepair.eu\/?p=7787"},"modified":"2023-01-04T11:55:11","modified_gmt":"2023-01-04T10:55:11","slug":"disponibili-i-materiali-del-convegno-qualita-dellaria-nel-bacino-padano-lalleanza-tra-istituzioni-e-cittadini-nellera-dei-new-media","status":"publish","type":"post","link":"https:\/\/www.lifeprepair.eu\/index.php\/2019\/11\/11\/disponibili-i-materiali-del-convegno-qualita-dellaria-nel-bacino-padano-lalleanza-tra-istituzioni-e-cittadini-nellera-dei-new-media\/","title":{"rendered":"Disponibili i materiali del convegno &#8220;QUALIT\u00c0 DELL\u2019ARIA NEL BACINO PADANO. L\u2019alleanza tra Istituzioni e cittadini nell\u2019era dei new media\u201d"},"content":{"rendered":"<p>Sono disponibili i materiali del convegno <strong>QUALIT\u00c0 DELL\u2019ARIA NEL BACINO PADANO. L\u2019alleanza tra Istituzioni e cittadini nell\u2019era dei new media<\/strong>\u201d organizzato da\u00a0<strong>Regione Emilia-Romagna<\/strong> in collaborazione con <strong>Art-ER<\/strong> \u00a0che si \u00e8 tenuto il 7 novembre scorso all\u2019interno di della fiera\u00a0ECOMONDO a Rimini<strong>.<\/strong><\/p>\n<p>L&#8217;incontro, molto partecipato, \u00e8 stato l&#8217;occasione per ragionare sulle modalit\u00e0 di coinvolgimento e attivazione dei cittadini nelle iniziative a favore della qualit\u00e0 dell&#8217;aria.<\/p>\n<p>di seguito sono\u00a0scaricabili le presentazioni del convegno:<\/p>\n<ul>\n<li><em><a href=\"https:\/\/www.lifeprepair.eu\/wp-content\/uploads\/2019\/11\/01_Presentazione-Deserti-Raffaelli-7-novembre-2019.pdf\">Qualit\u00e0 dell\u2019aria e Bacino padano \u2013 L\u2019importanza del coordinamento tra le istituzioni e del progetto Life Prepair<\/a> \u2013<\/em>Katia Raffaelli, Regione Emilia Romagna e project manager progetto Prepair<\/li>\n<li><a href=\"https:\/\/www.lifeprepair.eu\/wp-content\/uploads\/2019\/11\/02_Prepair_Bologna_ottolenghi-ITA_no_anime.pdf\"><em>Cittadini e Qualit\u00e0 dell\u2019aria. I risultati di un\u2019indagine a livello di intero bacino<\/em>\u00a0padano<\/a>\u2013 Marco Ottolenghi, ART-ER<\/li>\n<li><a href=\"https:\/\/www.lifeprepair.eu\/wp-content\/uploads\/2019\/11\/03_Suppa-Rimini-7-nov-2019-def.pdf\"><em>Iniziative di comunicazione sul corretto uso delle biomasse legnose per il riscaldamento<\/em>\u00a0domestico<\/a> \u2013 Alberto Suppa, Regione Lombardia<\/li>\n<li><a href=\"https:\/\/www.lifeprepair.eu\/wp-content\/uploads\/2019\/11\/04_Glisoni_Ecomondo-2019.pdf\"><em>Gli studenti diventano attori &#8211; L\u2019esperienza di Prepaired! nella scuola primaria \u201cSalgari\u201d di Torino<\/em><\/a>\u00a0\u2013Marco Glisoni, ARPA Piemonte &#8211; <a href=\"https:\/\/youtu.be\/9VComYsWabY\">Guarda il video<\/a><\/li>\n<li><a href=\"https:\/\/www.lifeprepair.eu\/wp-content\/uploads\/2019\/11\/05_Ecomondo_Debiasi.pdf\"><em>Il ricorso all\u2019espressione teatrale<\/em><em>\u00a0per veicolare messaggi ambientali<\/em><\/a>\u00a0&#8211; Silvia Debiasi, Provincia Autonoma di Trento &#8211; <a href=\"https:\/\/youtu.be\/sIRJTP2fNgs\">Guarda lo spezzone dello spettacolo di Loredana Cont sulla Mobilit\u00e0 sostenibile<\/a><\/li>\n<li><a href=\"https:\/\/www.lifeprepair.eu\/wp-content\/uploads\/2019\/11\/06_rimini-demsoc-corta.pdf\"><em>Attivazione delle comunit\u00e0 e coinvolgimento dei cittadini tra teoria e pratica<\/em><\/a>\u00a0&#8211; Martina Francesca, The Democratic Society<\/li>\n<li><strong>Sostenibilit\u00e0 ambientale, coinvolgimento dei cittadini, New media \u2013<\/strong>\u00a0<strong>Voci e testimonianze di iniziative dal basso:<\/strong>\n<ul>\n<li><a href=\"https:\/\/www.lifeprepair.eu\/wp-content\/uploads\/2019\/11\/07_ASVIS_SaturdaysDs.pdf\">Donato Speroni, Alleanza Italiana per lo Sviluppo Sostenibile (ASviS)<\/a><\/li>\n<li><a href=\"https:\/\/www.lifeprepair.eu\/wp-content\/uploads\/2019\/11\/FFF_comunicato_ecomondo.pdf\">Fridays for Future Emilia-Romagna<\/a><\/li>\n<li><a href=\"https:\/\/www.lifeprepair.eu\/wp-content\/uploads\/2019\/11\/10_studentimobili_liceogioiaPC_ecomondo.pdf\">Rappresentanti della Classe 5\u00b0CLiceo scientifico \u201cM. Gioia\u201d Piacenza<\/a><\/li>\n<\/ul>\n<\/li>\n<\/ul>\n<p><a href=\"https:\/\/www.ecomondo.com\/eventi\/programma\/seminari-e-convegni\/e13841742\/qualita-dell-aria-nel-bacino-padano.-l-alleanza-tra-istituzioni-e-cittadini-nell-era-dei-new-media.html\" target=\"_blank\" rel=\"noopener\">Guarda il programma\u00a0<\/a>del convegno<\/p>\n","protected":false},"excerpt":{"rendered":"<p>Sono disponibili i materiali del convegno QUALIT\u00c0 DELL\u2019ARIA NEL BACINO PADANO. L\u2019alleanza tra Istituzioni e cittadini nell\u2019era dei new media\u201d organizzato da\u00a0Regione Emilia-Romagna in collaborazione con Art-ER \u00a0che si \u00e8 tenuto il 7 novembre scorso all\u2019interno di della fiera\u00a0ECOMONDO a Rimini. L&#8217;incontro, molto partecipato, \u00e8 stato l&#8217;occasione per ragionare sulle modalit\u00e0 di coinvolgimento e attivazione [&hellip;]<\/p>\n","protected":false},"author":5,"featured_media":7802,"comment_status":"closed","ping_status":"closed","sticky":false,"template":"","format":"standard","meta":[],"categories":[45,82],"tags":[],"_links":{"self":[{"href":"https:\/\/www.lifeprepair.eu\/index.php\/wp-json\/wp\/v2\/posts\/7787"}],"collection":[{"href":"https:\/\/www.lifeprepair.eu\/index.php\/wp-json\/wp\/v2\/posts"}],"about":[{"href":"https:\/\/www.lifeprepair.eu\/index.php\/wp-json\/wp\/v2\/types\/post"}],"author":[{"embeddable":true,"href":"https:\/\/www.lifeprepair.eu\/index.php\/wp-json\/wp\/v2\/users\/5"}],"replies":[{"embeddable":true,"href":"https:\/\/www.lifeprepair.eu\/index.php\/wp-json\/wp\/v2\/comments?post=7787"}],"version-history":[{"count":8,"href":"https:\/\/www.lifeprepair.eu\/index.php\/wp-json\/wp\/v2\/posts\/7787\/revisions"}],"predecessor-version":[{"id":13463,"href":"https:\/\/www.lifeprepair.eu\/index.php\/wp-json\/wp\/v2\/posts\/7787\/revisions\/13463"}],"wp:featuredmedia":[{"embeddable":true,"href":"https:\/\/www.lifeprepair.eu\/index.php\/wp-json\/wp\/v2\/media\/7802"}],"wp:attachment":[{"href":"https:\/\/www.lifeprepair.eu\/index.php\/wp-json\/wp\/v2\/media?parent=7787"}],"wp:term":[{"taxonomy":"category","embeddable":true,"href":"https:\/\/www.lifeprepair.eu\/index.php\/wp-json\/wp\/v2\/categories?post=7787"},{"taxonomy":"post_tag","embeddable":true,"href":"https:\/\/www.lifeprepair.eu\/index.php\/wp-json\/wp\/v2\/tags?post=7787"}],"curies":[{"name":"wp","href":"https:\/\/api.w.org\/{rel}","templated":true}]}}