{"id":6987,"date":"2019-04-18T14:22:14","date_gmt":"2019-04-18T14:22:14","guid":{"rendered":"https:\/\/www.lifeprepair.eu\/?p=6987"},"modified":"2023-01-04T11:56:30","modified_gmt":"2023-01-04T10:56:30","slug":"corsi-sulla-mobilita-ciclistica-per-le-pubbliche-amministrazioni-il-calendario-dellemilia-romagna","status":"publish","type":"post","link":"https:\/\/www.lifeprepair.eu\/index.php\/2019\/04\/18\/corsi-sulla-mobilita-ciclistica-per-le-pubbliche-amministrazioni-il-calendario-dellemilia-romagna\/","title":{"rendered":"Corsi sulla mobilit\u00e0 ciclistica per le pubbliche amministrazioni: il calendario dell&#8217;Emilia Romagna"},"content":{"rendered":"<p>Partono anche in Emilia Romagna i corsi rivolti agli amministratori, ai tecnici e al personale degli enti pubblici e finalizzati a spiegare le potenzialit\u00e0 della mobilit\u00e0 sostenibile. Obiettivo dei quattro incontri \u00e8 quello di diffondere e disseminare i contenuti e l\u2019approccio alle tematiche della <strong>ciclabilit\u00e0<\/strong> in connessione con una visione di <strong>rigenerazione<\/strong> e di <strong>progetto di territorio<\/strong> in tutti i suoi risvolti.<\/p>\n<p>Verranno inoltre presentate le nuove \u201c<strong>Linee guida per il sistema di ciclabilit\u00e0 regionale<\/strong>\u201d, uno degli strumenti della legge regionale del sistema della mobilit\u00e0 ciclistica (<a href=\"http:\/\/demetra.regione.emilia-romagna.it\/al\/articolo?urn=er:assemblealegislativa:legge:2017;10\">L.R. 10\/2017<\/a>), che punta a un <strong>approccio sistemico e omogeneo<\/strong> per la pianificazione delle politiche della ciclabilit\u00e0 su scala regionale (infrastrutture, poli collegati, servizi, segnaletica e dotazioni).<\/p>\n<p>Calendario degli eventi in Emilia Romagna:<\/p>\n<ul>\n<li><strong>Ravenna, 13 maggio 2019<\/strong><br \/>\nCamera di Commercio<br \/>\nViale Farini 14, Sala Cavalcoli<br \/>\nore 9,30 &#8211; 13,30<br \/>\n<a href=\"http:\/\/mobilita.regione.emilia-romagna.it\/allegati\/ciclopedonale\/incontri_lineeguida_maggio2019\/invitolineeguidacicl_13-05-2019_ra.pdf\/@@download\/file\/invitolineeguidacicl_13-05-2019_RA.pdf\"><img decoding=\"async\" class=\"attachmentLinkIcon\" src=\"http:\/\/mobilita.regione.emilia-romagna.it\/++plone++design.plone.theme\/icons\/pdf.svg\" \/> Invito (pdf, 280.6 KB)<\/a><\/li>\n<\/ul>\n<ul>\n<li><strong>Rimini, 14 maggio 2019<\/strong><br \/>\nSala del Giudizio Universale, Museo della Citt\u00e0<br \/>\ndi Rimini, Via Luigi Tonini 1<br \/>\nore 9,30 &#8211; 13,30 <strong>con diretta streaming<\/strong><br \/>\n<a href=\"http:\/\/mobilita.regione.emilia-romagna.it\/allegati\/ciclopedonale\/incontri_lineeguida_maggio2019\/invitolineeguidacicl_14-05-2019_rm.pdf\/@@download\/file\/invitolineeguidacicl_14-05-2019_RM.pdf\"><img decoding=\"async\" class=\"attachmentLinkIcon\" src=\"http:\/\/mobilita.regione.emilia-romagna.it\/++plone++design.plone.theme\/icons\/pdf.svg\" \/> Invito (pdf, 336.6 KB)<\/a><\/li>\n<\/ul>\n<ul>\n<li><strong>Parma, 21 maggio 2019<\/strong><br \/>\nPalazzo Del Governatore<br \/>\nPiazza Garibaldi<br \/>\nore 9,30 &#8211; 13,30 <strong>con diretta streaming<br \/>\n<\/strong><a href=\"http:\/\/mobilita.regione.emilia-romagna.it\/allegati\/ciclopedonale\/incontri_lineeguida_maggio2019\/invito_lineeguidacicl_21-05-2019_pr_v2.pdf\/@@download\/file\/invito_lineeguidacicl_21-05-2019_PR_v2.pdf\"><img decoding=\"async\" class=\"attachmentLinkIcon\" src=\"http:\/\/mobilita.regione.emilia-romagna.it\/++plone++design.plone.theme\/icons\/pdf.svg\" \/> Invito (pdf, 255.5 KB)<\/a><strong><br \/>\n<\/strong><\/li>\n<\/ul>\n<ul>\n<li><strong>Bologna, 22 maggio 2019<\/strong><br \/>\nSala 20 maggio 2012<br \/>\nViale della Fiera 8 (Regione Emilia-Romagna)<br \/>\nore 14,30 &#8211; 18,30 <strong>con diretta streaming<\/strong><br \/>\n<a href=\"http:\/\/mobilita.regione.emilia-romagna.it\/allegati\/ciclopedonale\/incontri_lineeguida_maggio2019\/invitolineeguidacicl_22-05-2019_bo.pdf\/@@download\/file\/invitolineeguidacicl_22-05-2019_BO.pdf\"><img decoding=\"async\" class=\"attachmentLinkIcon\" src=\"http:\/\/mobilita.regione.emilia-romagna.it\/++plone++design.plone.theme\/icons\/pdf.svg\" \/> Invito (pdf, 249.0 KB)<\/a><\/li>\n<\/ul>\n<p>Per partecipare \u00e8 necessario iscriversi ai seguenti link:<\/p>\n<p><a href=\"https:\/\/applicazioni.regione.emilia-romagna.it\/IscrizioneConvegni\/Iscrizione.aspx?6z%2bN8MruZcTMOTLA1AQiTa0%2fB7%2f1Tue9&amp;Lang=IT\" target=\"_blank\" rel=\"noopener noreferrer\">Ravenna<\/a> (180 posti disponibili)<br \/>\n<a href=\"https:\/\/applicazioni.regione.emilia-romagna.it\/IscrizioneConvegni\/Iscrizione.aspx?6z%2bN8MruZcQT4eSbvD8PoYxOW5xDo2jL&amp;Lang=IT\" target=\"_blank\" rel=\"noopener noreferrer\">Rimini<\/a>\u00a0(150 posti disponibili)<br \/>\n<a href=\"https:\/\/applicazioni.regione.emilia-romagna.it\/IscrizioneConvegni\/Iscrizione.aspx?6z%2bN8MruZcReh%2ftZt2I7QVpOAy6i%2faPN&amp;Lang=IT\" target=\"_blank\" rel=\"noopener noreferrer\">Parma<\/a>\u00a0(150 posti disponibili)<br \/>\n<a href=\"https:\/\/applicazioni.regione.emilia-romagna.it\/IscrizioneConvegni\/Iscrizione.aspx?6z%2bN8MruZcR0XKjRVFQL0hj46q%2fpyHYd&amp;Lang=IT\" target=\"_blank\" rel=\"noopener noreferrer\">Bologna<\/a>\u00a0(250 posti disponibili)<\/p>\n<p>Per informazioni contattare\u00a0<a href=\"mailto:servtre02@regione.emilia-romagna.it\">servtre02@regione.emilia-romagna.it<\/a> e <a href=\"mailto:paola.bassi@regione.emilia-romagna.it\">paola.bassi@regione.emilia-romagna.it<\/a><\/p>\n<p>&nbsp;<\/p>\n","protected":false},"excerpt":{"rendered":"<p>Partono anche in Emilia Romagna i corsi rivolti agli amministratori, ai tecnici e al personale degli enti pubblici e finalizzati a spiegare le potenzialit\u00e0 della mobilit\u00e0 sostenibile. Obiettivo dei quattro incontri \u00e8 quello di diffondere e disseminare i contenuti e l\u2019approccio alle tematiche della ciclabilit\u00e0 in connessione con una visione di rigenerazione e di progetto [&hellip;]<\/p>\n","protected":false},"author":3,"featured_media":6988,"comment_status":"closed","ping_status":"closed","sticky":false,"template":"","format":"standard","meta":{"footnotes":""},"categories":[82,44],"tags":[],"class_list":["post-6987","post","type-post","status-publish","format-standard","has-post-thumbnail","hentry","category-news-ed-eventi","category-events-it"],"_links":{"self":[{"href":"https:\/\/www.lifeprepair.eu\/index.php\/wp-json\/wp\/v2\/posts\/6987","targetHints":{"allow":["GET"]}}],"collection":[{"href":"https:\/\/www.lifeprepair.eu\/index.php\/wp-json\/wp\/v2\/posts"}],"about":[{"href":"https:\/\/www.lifeprepair.eu\/index.php\/wp-json\/wp\/v2\/types\/post"}],"author":[{"embeddable":true,"href":"https:\/\/www.lifeprepair.eu\/index.php\/wp-json\/wp\/v2\/users\/3"}],"replies":[{"embeddable":true,"href":"https:\/\/www.lifeprepair.eu\/index.php\/wp-json\/wp\/v2\/comments?post=6987"}],"version-history":[{"count":3,"href":"https:\/\/www.lifeprepair.eu\/index.php\/wp-json\/wp\/v2\/posts\/6987\/revisions"}],"predecessor-version":[{"id":7005,"href":"https:\/\/www.lifeprepair.eu\/index.php\/wp-json\/wp\/v2\/posts\/6987\/revisions\/7005"}],"wp:featuredmedia":[{"embeddable":true,"href":"https:\/\/www.lifeprepair.eu\/index.php\/wp-json\/wp\/v2\/media\/6988"}],"wp:attachment":[{"href":"https:\/\/www.lifeprepair.eu\/index.php\/wp-json\/wp\/v2\/media?parent=6987"}],"wp:term":[{"taxonomy":"category","embeddable":true,"href":"https:\/\/www.lifeprepair.eu\/index.php\/wp-json\/wp\/v2\/categories?post=6987"},{"taxonomy":"post_tag","embeddable":true,"href":"https:\/\/www.lifeprepair.eu\/index.php\/wp-json\/wp\/v2\/tags?post=6987"}],"curies":[{"name":"wp","href":"https:\/\/api.w.org\/{rel}","templated":true}]}}