{"id":10184,"date":"2021-10-21T12:00:44","date_gmt":"2021-10-21T10:00:44","guid":{"rendered":"https:\/\/www.lifeprepair.eu\/?p=10184"},"modified":"2023-01-04T11:55:09","modified_gmt":"2023-01-04T10:55:09","slug":"ce-aria-per-te","status":"publish","type":"post","link":"https:\/\/www.lifeprepair.eu\/index.php\/2021\/10\/21\/ce-aria-per-te\/","title":{"rendered":"C\u2019\u00c9 ARIA PER TE!"},"content":{"rendered":"\n<style type=\"text\/css\" data-created_by=\"avia_inline_auto\" id=\"style-css-av-av_image-662bf4eb3cf19a8f317f707fa0f96803\">\n.avia-image-container.av-av_image-662bf4eb3cf19a8f317f707fa0f96803 img.avia_image{\nbox-shadow:none;\n}\n.avia-image-container.av-av_image-662bf4eb3cf19a8f317f707fa0f96803 .av-image-caption-overlay-center{\ncolor:#ffffff;\n}\n<\/style>\n<div  class='avia-image-container av-av_image-662bf4eb3cf19a8f317f707fa0f96803 av-styling- avia-align-center  avia-builder-el-0  el_before_av_textblock  avia-builder-el-first '   itemprop=\"image\" itemscope=\"itemscope\" itemtype=\"https:\/\/schema.org\/ImageObject\" ><div class=\"avia-image-container-inner\"><div class=\"avia-image-overlay-wrap\"><img decoding=\"async\" class='wp-image-10208 avia-img-lazy-loading-not-10208 avia_image ' src=\"https:\/\/www.lifeprepair.eu\/wp-content\/uploads\/2021\/10\/aria-per-te.jpg\" alt='' title='aria-per-te'  height=\"451\" width=\"800\"  itemprop=\"thumbnailUrl\" srcset=\"https:\/\/www.lifeprepair.eu\/wp-content\/uploads\/2021\/10\/aria-per-te.jpg 800w, https:\/\/www.lifeprepair.eu\/wp-content\/uploads\/2021\/10\/aria-per-te-300x169.jpg 300w, https:\/\/www.lifeprepair.eu\/wp-content\/uploads\/2021\/10\/aria-per-te-768x433.jpg 768w, https:\/\/www.lifeprepair.eu\/wp-content\/uploads\/2021\/10\/aria-per-te-705x397.jpg 705w, https:\/\/www.lifeprepair.eu\/wp-content\/uploads\/2021\/10\/aria-per-te-450x254.jpg 450w\" sizes=\"(max-width: 800px) 100vw, 800px\" \/><\/div><\/div><\/div>\n<section  class='av_textblock_section av-av_textblock-3e5caf54bff15ec10bb37c45d1ea786e'  itemscope=\"itemscope\" itemtype=\"https:\/\/schema.org\/BlogPosting\" itemprop=\"blogPost\" ><div class='avia_textblock'  itemprop=\"text\" ><p>Prende il via oggi, sabato 23 ottobre, a Ferrara \u201c<strong>C\u2019\u00e8 aria per te!<\/strong>\u201d, la campagna di sensibilizzazione sviluppata nell&#8217;ambito del progetto Life Prepair per contrastare l&#8217;inquinamento dell&#8217;aria nel Bacino padano.<\/p>\n<p>In Emilia-Romagna, Piemonte, Valle D\u2019Aosta, Lombardia, Veneto, Provincia autonoma di Trento e Friuli-Venezia Giulia sono previste numerose azioni di sensibilizzazione nelle citt\u00e0, nelle scuole, tra le associazioni, in un susseguirsi di iniziative che coinvolgeranno cittadini e studenti da ottobre fino alla prossima primavera 2022 per poi avere una coda nell\u2019autunno inverno 2022\/2023.<\/p>\n<p>In campo un testimonial d\u2019eccezione, il comicista <a href=\"https:\/\/www.facebook.com\/comicista\/?fref=mentions&amp;__tn__=K-R\"><strong>Paolo Franceschini<\/strong><\/a>: comico-ciclista e speaker di radio Kiss Kiss gi\u00e0 protagonista di azioni e campagne legate alla promozione della sostenibilit\u00e0 ambientale e della mobilit\u00e0 sostenibile.<\/p>\n<p>Il primo appuntamento, <strong>l\u2019evento stampa<\/strong> \u201c<strong>Radici d\u2019aria<\/strong>\u201d si \u00e8 svolto questa mattina <strong>presso l\u2019Istituto Bachelet di Ferrara<\/strong>. Insieme ai rappresentanti degli studenti \u00e8 stato messo a dimora un albero dell\u2019aria, simbolo del coinvolgimento collettivo di questa nuova stagione di impegno e collaborazione di tutti per migliorare la qualit\u00e0 dell\u2019aria nel Bacino padano.<\/p>\n<p>All\u2019iniziativa erano presenti l\u2019assessore all\u2019Ambiente della Regione Emilia-Romagna Irene Priolo, l\u2019assessore all\u2019Ambiente del Comune di Ferrara Alessandro Balboni, il presidente della Provincia di Ferrara Nicola Minarelli oltre alla dirigente dell\u2019istituto scolastico Emilia Dimitri e ai rappresentanti delle associazioni del territorio. L\u2019evento \u00e8 stato inoltre trasmesso in diretta sui canali social di \u201cC\u2019\u00e8 aria per te!\u201d dove \u00e8 ora disponibile.<\/p>\n<p>Il cuore della campagna, coordinata da ARTER per conto del partenariato di progetto,\u00a0 sar\u00e0 in autunno, con il lancio della <strong>Settimana dell\u2019aria pulita dal 21 al 28 novembre<\/strong>, nel corso della quale cittadini, enti, associazioni, aziende e scuole saranno chiamati a realizzare azioni concrete per contribuire al miglioramento dell\u2019aria. Gesti quotidiani o eventi speciali da condividere attraverso racconti e fotografie che verranno pubblicate online per testimoniare l\u2019impegno collettivo e amplificarne gli effetti su tutto il territorio.<\/p>\n<p>Alla settimana dell\u2019aria pulita saranno collegati anche due concorsi, dedicati a cittadini e scuole. <strong>Io cambio l\u2019aria<\/strong>, sar\u00e0 l\u2019iniziativa che premier\u00e0 le fotografie pi\u00f9 creative e significative tra tutte quelle inviate durante la Settimana dell\u2019aria pulita per documentare l\u2019impegno verso la qualit\u00e0 dell\u2019aria.<\/p>\n<p>Le scuole verranno invece coinvolte con <strong>Air Up parole per l\u2019aria<\/strong>, un\u2019iniziativa speciale dedicata alla comunicazione green. Le classi quarte e quinte delle scuole primarie e le classi delle secondarie di primo grado del Bacino padano saranno invitate a realizzare una propria campagna di comunicazione per i social per diffondere la cultura della sostenibilit\u00e0 attraverso i linguaggi digitali.<\/p>\n<p>La campagna si concluder\u00e0 con la realizzazione di un <strong>Docu-film<\/strong> dedicato alla scoperta delle esperienze e dei progetti pi\u00f9 significativi sul tema della qualit\u00e0 dell\u2019aria. Paolo Franceschini far\u00e0 tappa in sette principali localit\u00e0 delle regioni del Bacino padano per raccogliere e raccontare le buone pratiche gi\u00e0 in essere per il futuro e per la collettivit\u00e0.<\/p>\n<p>Il <strong>sito e i canali social<\/strong> dedicati a \u201cC\u2019\u00e8 aria per te!\u201d contengono tutti i dettagli del progetto, lo <strong>spot video<\/strong> della campagna e documenteranno tutte le iniziative.<\/p>\n<p><a href=\"http:\/\/www.ariaxte.it\">www.ariaxte.it<\/a><\/p>\n<p>Facebook: <a href=\"http:\/\/www.facebook.com\/ariaxte\">www.facebook.com\/ariaxte<\/a><\/p>\n<p>Instagram: <a href=\"http:\/\/www.instagram.com\/ariaxte\">www.instagram.com\/ariaxte<\/a><\/p>\n<p>YouTube: <a href=\"https:\/\/www.youtube.com\/channel\/UCwUKmwMvrT0-g8WBskiBcLw\">https:\/\/www.youtube.com\/channel\/UCwUKmwMvrT0-g8WBskiBcLw<\/a><\/p>\n<\/div><\/section>\n\n<style type=\"text\/css\" data-created_by=\"avia_inline_auto\" id=\"style-css-av-av_heading-bcf51ee3db56be002e081ea637b06dbd\">\n#top .av-special-heading.av-av_heading-bcf51ee3db56be002e081ea637b06dbd{\npadding-bottom:10px;\n}\nbody .av-special-heading.av-av_heading-bcf51ee3db56be002e081ea637b06dbd .av-special-heading-tag .heading-char{\nfont-size:25px;\n}\n.av-special-heading.av-av_heading-bcf51ee3db56be002e081ea637b06dbd .av-subheading{\nfont-size:15px;\n}\n<\/style>\n<div  class='av-special-heading av-av_heading-bcf51ee3db56be002e081ea637b06dbd av-special-heading-h3  avia-builder-el-2  el_after_av_textblock  el_before_av_video '><h3 class='av-special-heading-tag'  itemprop=\"headline\"  >Guarda lo spot della campagna<\/h3><div class=\"special-heading-border\"><div class=\"special-heading-inner-border\"><\/div><\/div><\/div>\n<div  class='avia-video av-av_video-529c00b2d8b409cbff21511d7977eb79 avia-video-16-9 av-no-preview-image avia-video-load-always av-lazyload-immediate av-lazyload-video-embed'  itemprop=\"video\" itemtype=\"https:\/\/schema.org\/VideoObject\"  data-original_url='https:\/\/youtu.be\/FTHg9VFXRCU'><script type='text\/html' class='av-video-tmpl'><div class='avia-iframe-wrap'><iframe title=\"C&#039;\u00e8 aria per te!\" width=\"1500\" height=\"844\" src=\"https:\/\/www.youtube.com\/embed\/FTHg9VFXRCU?feature=oembed&autoplay=0&loop=0&controls=1&mute=0\" frameborder=\"0\" allow=\"accelerometer; autoplay; clipboard-write; encrypted-media; gyroscope; picture-in-picture\" allowfullscreen><\/iframe><\/div><\/script><div class='av-click-to-play-overlay'><div class=\"avia_playpause_icon\"><\/div><\/div><\/div>\n\n<style type=\"text\/css\" data-created_by=\"avia_inline_auto\" id=\"style-css-av-av_heading-033adc9a9498fe9e5ce8bb8a008cc197\">\n#top .av-special-heading.av-av_heading-033adc9a9498fe9e5ce8bb8a008cc197{\npadding-bottom:10px;\n}\nbody .av-special-heading.av-av_heading-033adc9a9498fe9e5ce8bb8a008cc197 .av-special-heading-tag .heading-char{\nfont-size:25px;\n}\n.av-special-heading.av-av_heading-033adc9a9498fe9e5ce8bb8a008cc197 .av-subheading{\nfont-size:15px;\n}\n<\/style>\n<div  class='av-special-heading av-av_heading-033adc9a9498fe9e5ce8bb8a008cc197 av-special-heading-h3  avia-builder-el-4  el_after_av_video  el_before_av_video '><h3 class='av-special-heading-tag'  itemprop=\"headline\"  >Rivivi l\u2018evento <span class='special_amp'>&#8220;<\/span>Radici d\u2019aria<span class='special_amp'>&#8221;<\/span><\/h3><div class=\"special-heading-border\"><div class=\"special-heading-inner-border\"><\/div><\/div><\/div>\n<div  class='avia-video av-av_video-72617264ea3a19da6395de7fb8efca23 avia-video-16-9 av-no-preview-image avia-video-load-always av-lazyload-immediate av-lazyload-video-embed'  itemprop=\"video\" itemtype=\"https:\/\/schema.org\/VideoObject\"  data-original_url='https:\/\/www.youtube.com\/watch?v=xEvvu0fSlmI&amp;t=746s'><script type='text\/html' class='av-video-tmpl'><a href=\"https:\/\/www.youtube.com\/watch?v=xEvvu0fSlmI&#038;t=746s\">https:\/\/www.youtube.com\/watch?v=xEvvu0fSlmI&amp;t=746s<\/a><\/script><div class='av-click-to-play-overlay'><div class=\"avia_playpause_icon\"><\/div><\/div><\/div>\n","protected":false},"excerpt":{"rendered":"<p>Al via a Ferrara la campagna di sensibilizzazione sulla qualit\u00e0 dell\u2019aria in Emilia-Romagna e sull\u2019intero Bacino padano. Previste da ottobre a primavera numerose azioni di sensibilizzazione nelle citt\u00e0, che coinvolgeranno cittadini e studenti.<\/p>\n","protected":false},"author":5,"featured_media":10208,"comment_status":"closed","ping_status":"closed","sticky":false,"template":"","format":"standard","meta":[],"categories":[45,82],"tags":[],"_links":{"self":[{"href":"https:\/\/www.lifeprepair.eu\/index.php\/wp-json\/wp\/v2\/posts\/10184"}],"collection":[{"href":"https:\/\/www.lifeprepair.eu\/index.php\/wp-json\/wp\/v2\/posts"}],"about":[{"href":"https:\/\/www.lifeprepair.eu\/index.php\/wp-json\/wp\/v2\/types\/post"}],"author":[{"embeddable":true,"href":"https:\/\/www.lifeprepair.eu\/index.php\/wp-json\/wp\/v2\/users\/5"}],"replies":[{"embeddable":true,"href":"https:\/\/www.lifeprepair.eu\/index.php\/wp-json\/wp\/v2\/comments?post=10184"}],"version-history":[{"count":9,"href":"https:\/\/www.lifeprepair.eu\/index.php\/wp-json\/wp\/v2\/posts\/10184\/revisions"}],"predecessor-version":[{"id":10224,"href":"https:\/\/www.lifeprepair.eu\/index.php\/wp-json\/wp\/v2\/posts\/10184\/revisions\/10224"}],"wp:featuredmedia":[{"embeddable":true,"href":"https:\/\/www.lifeprepair.eu\/index.php\/wp-json\/wp\/v2\/media\/10208"}],"wp:attachment":[{"href":"https:\/\/www.lifeprepair.eu\/index.php\/wp-json\/wp\/v2\/media?parent=10184"}],"wp:term":[{"taxonomy":"category","embeddable":true,"href":"https:\/\/www.lifeprepair.eu\/index.php\/wp-json\/wp\/v2\/categories?post=10184"},{"taxonomy":"post_tag","embeddable":true,"href":"https:\/\/www.lifeprepair.eu\/index.php\/wp-json\/wp\/v2\/tags?post=10184"}],"curies":[{"name":"wp","href":"https:\/\/api.w.org\/{rel}","templated":true}]}}